{"id":1396,"date":"2019-09-06T19:02:28","date_gmt":"2019-09-06T22:02:28","guid":{"rendered":"https:\/\/hsdonato.com.br\/site\/?p=1396"},"modified":"2019-09-06T19:04:25","modified_gmt":"2019-09-06T22:04:25","slug":"hospital-sao-donato-confirma-ativacao-de-10-leitos-da-uti","status":"publish","type":"post","link":"https:\/\/hsdonato.com.br\/site\/2019\/09\/hospital-sao-donato-confirma-ativacao-de-10-leitos-da-uti\/","title":{"rendered":"Hospital S\u00e3o Donato confirma ativa\u00e7\u00e3o de 10 leitos da UTI"},"content":{"rendered":"<p>O Hospital S\u00e3o Donato de I\u00e7ara est\u00e1 nos tr\u00e2mites finais para o funcionamento da Unidade de Terapia Intensiva. A escala de m\u00e9dico intensivistas foi apresentada nesta sexta-feira. A solicita\u00e7\u00e3o de inclus\u00e3o dos 10 leitos na regula\u00e7\u00e3o do Estado ser\u00e1 encaminhada na pr\u00f3xima segunda-feira. J\u00e1 no dia 16 come\u00e7ar\u00e1 efetivamente o atendimento a partir das 7h30. Ao todo, o novo setor contar\u00e1 com o suporte de 31 colaboradores contratados diretamente pela funda\u00e7\u00e3o filantr\u00f3pica e ter\u00e1 outras dezenas de profissionais terceirizados em atua\u00e7\u00e3o dentro da unidade.<\/p>\n<p>&#8220;Estamos fazendo todos os esfor\u00e7os poss\u00edveis para que a UTI esteja \u00e0 disposi\u00e7\u00e3o do Estado. Al\u00e9m da escala, a reuni\u00e3o com os intensivistas foi importante para conhecer a equipe, revisar as rotinas que ser\u00e3o necess\u00e1rias, medicamentos, equipamentos e servi\u00e7os de apoio. Todos est\u00e3o empenhados para fazer a UTI uma realidade&#8221;, indica o diretor-administrativo do HSD, J\u00falio C\u00e9sar De Luca. &#8220;J\u00e1 temos toda a estrutura para iniciar os atendimentos e, ap\u00f3s a abertura, acreditamos que em uma semana teremos todos os leitos ocupados&#8221;, enaltece o m\u00e9dico respons\u00e1vel-t\u00e9cnico na UTI, Marcelo Vinhas.<\/p>\n","protected":false},"excerpt":{"rendered":"<p>O Hospital S\u00e3o Donato de I\u00e7ara est\u00e1 nos tr\u00e2mites finais para o funcionamento da Unidade de Terapia Intensiva. A escala de m\u00e9dico intensivistas foi apresentada nesta sexta-feira. A solicita\u00e7\u00e3o de inclus\u00e3o dos 10 leitos na regula\u00e7\u00e3o do Estado ser\u00e1 encaminhada na pr\u00f3xima segunda-feira. J\u00e1 no dia 16 come\u00e7ar\u00e1 efetivamente o atendimento a partir das 7h30. <a href=\"https:\/\/hsdonato.com.br\/site\/2019\/09\/hospital-sao-donato-confirma-ativacao-de-10-leitos-da-uti\/\" class=\"read-more\">Read More<\/a><\/p>\n","protected":false},"author":1,"featured_media":1397,"comment_status":"closed","ping_status":"closed","sticky":false,"template":"","format":"standard","meta":{"footnotes":""},"categories":[2],"tags":[],"class_list":["post-1396","post","type-post","status-publish","format-standard","has-post-thumbnail","hentry","category-noticias-do-hsd"],"_links":{"self":[{"href":"https:\/\/hsdonato.com.br\/site\/wp-json\/wp\/v2\/posts\/1396","targetHints":{"allow":["GET"]}}],"collection":[{"href":"https:\/\/hsdonato.com.br\/site\/wp-json\/wp\/v2\/posts"}],"about":[{"href":"https:\/\/hsdonato.com.br\/site\/wp-json\/wp\/v2\/types\/post"}],"author":[{"embeddable":true,"href":"https:\/\/hsdonato.com.br\/site\/wp-json\/wp\/v2\/users\/1"}],"replies":[{"embeddable":true,"href":"https:\/\/hsdonato.com.br\/site\/wp-json\/wp\/v2\/comments?post=1396"}],"version-history":[{"count":3,"href":"https:\/\/hsdonato.com.br\/site\/wp-json\/wp\/v2\/posts\/1396\/revisions"}],"predecessor-version":[{"id":1400,"href":"https:\/\/hsdonato.com.br\/site\/wp-json\/wp\/v2\/posts\/1396\/revisions\/1400"}],"wp:featuredmedia":[{"embeddable":true,"href":"https:\/\/hsdonato.com.br\/site\/wp-json\/wp\/v2\/media\/1397"}],"wp:attachment":[{"href":"https:\/\/hsdonato.com.br\/site\/wp-json\/wp\/v2\/media?parent=1396"}],"wp:term":[{"taxonomy":"category","embeddable":true,"href":"https:\/\/hsdonato.com.br\/site\/wp-json\/wp\/v2\/categories?post=1396"},{"taxonomy":"post_tag","embeddable":true,"href":"https:\/\/hsdonato.com.br\/site\/wp-json\/wp\/v2\/tags?post=1396"}],"curies":[{"name":"wp","href":"https:\/\/api.w.org\/{rel}","templated":true}]}}