{"id":649,"date":"2019-03-29T10:37:56","date_gmt":"2019-03-29T13:37:56","guid":{"rendered":"https:\/\/hsdonato.com.br\/site\/?p=649"},"modified":"2019-03-29T10:37:56","modified_gmt":"2019-03-29T13:37:56","slug":"ausencia-de-profissionais-impede-inicio-de-atendimento-pediatrico-emergencial-no-hospital-sao-donato","status":"publish","type":"post","link":"https:\/\/hsdonato.com.br\/site\/2019\/03\/ausencia-de-profissionais-impede-inicio-de-atendimento-pediatrico-emergencial-no-hospital-sao-donato\/","title":{"rendered":"Aus\u00eancia de profissionais impede in\u00edcio de atendimento pedi\u00e1trico emergencial no Hospital S\u00e3o Donato"},"content":{"rendered":"<p>O Hospital S\u00e3o Donato de I\u00e7ara est\u00e1 com tr\u00eas vagas abertas para montar uma escala de urg\u00eancia e emerg\u00eancia em pediatria. A proje\u00e7\u00e3o era que o refor\u00e7o noturno no Pronto-Socorro iniciasse j\u00e1 na pr\u00f3xima semana. Contudo, a aus\u00eancia de profissionais inviabilizou a data. \u201cEstamos em busca de profissionais para que o in\u00edcio do atendimento ocorra o mais r\u00e1pido poss\u00edvel\u201d, coloca o diretor-administrativo, J\u00falio C\u00e9sar De Luca.<\/p>\n<p>A procura por m\u00e9dicos pediatras iniciou na \u00faltima semana com o acordo do repasse mensal de R$ 15 mil do Munic\u00edpio. \u201cA amplia\u00e7\u00e3o da parceria \u00e9 resultante do aumento na procura do Pronto-Socorro no hor\u00e1rio em que as unidades de sa\u00fade est\u00e3o fechadas. Uma das demandas \u00e9 de crian\u00e7as. Por isso o atendimento pedi\u00e1trico noturno ajudar\u00e1 a reduzir o tempo de espera\u201d, coloca. Atualmente, dois cl\u00ednicos-gerais trabalham das 10h \u00e0s 22h no PS.<\/p>\n","protected":false},"excerpt":{"rendered":"<p>O Hospital S\u00e3o Donato de I\u00e7ara est\u00e1 com tr\u00eas vagas abertas para montar uma escala de urg\u00eancia e emerg\u00eancia em pediatria. A proje\u00e7\u00e3o era que o refor\u00e7o noturno no Pronto-Socorro iniciasse j\u00e1 na pr\u00f3xima semana. Contudo, a aus\u00eancia de profissionais inviabilizou a data. \u201cEstamos em busca de profissionais para que o in\u00edcio do atendimento ocorra <a href=\"https:\/\/hsdonato.com.br\/site\/2019\/03\/ausencia-de-profissionais-impede-inicio-de-atendimento-pediatrico-emergencial-no-hospital-sao-donato\/\" class=\"read-more\">Read More<\/a><\/p>\n","protected":false},"author":1,"featured_media":650,"comment_status":"closed","ping_status":"closed","sticky":false,"template":"","format":"standard","meta":{"footnotes":""},"categories":[2],"tags":[],"class_list":["post-649","post","type-post","status-publish","format-standard","has-post-thumbnail","hentry","category-noticias-do-hsd"],"_links":{"self":[{"href":"https:\/\/hsdonato.com.br\/site\/wp-json\/wp\/v2\/posts\/649","targetHints":{"allow":["GET"]}}],"collection":[{"href":"https:\/\/hsdonato.com.br\/site\/wp-json\/wp\/v2\/posts"}],"about":[{"href":"https:\/\/hsdonato.com.br\/site\/wp-json\/wp\/v2\/types\/post"}],"author":[{"embeddable":true,"href":"https:\/\/hsdonato.com.br\/site\/wp-json\/wp\/v2\/users\/1"}],"replies":[{"embeddable":true,"href":"https:\/\/hsdonato.com.br\/site\/wp-json\/wp\/v2\/comments?post=649"}],"version-history":[{"count":1,"href":"https:\/\/hsdonato.com.br\/site\/wp-json\/wp\/v2\/posts\/649\/revisions"}],"predecessor-version":[{"id":651,"href":"https:\/\/hsdonato.com.br\/site\/wp-json\/wp\/v2\/posts\/649\/revisions\/651"}],"wp:featuredmedia":[{"embeddable":true,"href":"https:\/\/hsdonato.com.br\/site\/wp-json\/wp\/v2\/media\/650"}],"wp:attachment":[{"href":"https:\/\/hsdonato.com.br\/site\/wp-json\/wp\/v2\/media?parent=649"}],"wp:term":[{"taxonomy":"category","embeddable":true,"href":"https:\/\/hsdonato.com.br\/site\/wp-json\/wp\/v2\/categories?post=649"},{"taxonomy":"post_tag","embeddable":true,"href":"https:\/\/hsdonato.com.br\/site\/wp-json\/wp\/v2\/tags?post=649"}],"curies":[{"name":"wp","href":"https:\/\/api.w.org\/{rel}","templated":true}]}}