{"id":940,"date":"2019-07-05T11:06:46","date_gmt":"2019-07-05T14:06:46","guid":{"rendered":"https:\/\/hsdonato.com.br\/site\/?p=940"},"modified":"2019-07-05T11:06:46","modified_gmt":"2019-07-05T14:06:46","slug":"hospital-sao-donato-intensifica-campanha-para-arrecadacao-de-cobertores","status":"publish","type":"post","link":"https:\/\/hsdonato.com.br\/site\/2019\/07\/hospital-sao-donato-intensifica-campanha-para-arrecadacao-de-cobertores\/","title":{"rendered":"Hospital S\u00e3o Donato intensifica campanha para arrecada\u00e7\u00e3o de cobertores"},"content":{"rendered":"<p>Dias e noites ainda mais frias est\u00e3o por vir. Por causa disso, a necessidade de cobertores torna-se maior no Hospital S\u00e3o Donato. S\u00e3o pe\u00e7as de responsabilidade dos pacientes, contudo, nem sempre suficientes. A funda\u00e7\u00e3o filantr\u00f3pica de I\u00e7ara precisa elevar o estoque e busca ent\u00e3o na solidariedade da comunidade ajuda para aquecer aqueles que n\u00e3o t\u00eam condi\u00e7\u00f5es. As doa\u00e7\u00f5es podem ser entregues na recep\u00e7\u00e3o da entidade.<\/p>\n<p>O frio intenso dever\u00e1 permanecer em Santa Catarina pelo menos at\u00e9 a pr\u00f3xima segunda-feira. Conforme divulgado pela Defesa Civil do estado, as temperaturas m\u00ednimas ser\u00e3o de 0 a 10\u00b0C no Litoral Sul, Grande Florian\u00f3polis Litor\u00e2nea, Baixo\/M\u00e9dio Vale do Itaja\u00ed e Litoral Norte. Em virtude das doen\u00e7as causadas pelo frio (gripe, resfriados, pneumonia, meningite) a recomenda\u00e7\u00e3o \u00e9 manter-se bem agasalhado, beber bastante \u00e1gua e evitar locais fechados e de grande circula\u00e7\u00e3o de pessoas, al\u00e9m da higiene freq\u00fcente das m\u00e3os. <\/p>\n","protected":false},"excerpt":{"rendered":"<p>Dias e noites ainda mais frias est\u00e3o por vir. Por causa disso, a necessidade de cobertores torna-se maior no Hospital S\u00e3o Donato. S\u00e3o pe\u00e7as de responsabilidade dos pacientes, contudo, nem sempre suficientes. A funda\u00e7\u00e3o filantr\u00f3pica de I\u00e7ara precisa elevar o estoque e busca ent\u00e3o na solidariedade da comunidade ajuda para aquecer aqueles que n\u00e3o t\u00eam <a href=\"https:\/\/hsdonato.com.br\/site\/2019\/07\/hospital-sao-donato-intensifica-campanha-para-arrecadacao-de-cobertores\/\" class=\"read-more\">Read More<\/a><\/p>\n","protected":false},"author":1,"featured_media":941,"comment_status":"closed","ping_status":"closed","sticky":false,"template":"","format":"standard","meta":{"footnotes":""},"categories":[2],"tags":[],"class_list":["post-940","post","type-post","status-publish","format-standard","has-post-thumbnail","hentry","category-noticias-do-hsd"],"_links":{"self":[{"href":"https:\/\/hsdonato.com.br\/site\/wp-json\/wp\/v2\/posts\/940","targetHints":{"allow":["GET"]}}],"collection":[{"href":"https:\/\/hsdonato.com.br\/site\/wp-json\/wp\/v2\/posts"}],"about":[{"href":"https:\/\/hsdonato.com.br\/site\/wp-json\/wp\/v2\/types\/post"}],"author":[{"embeddable":true,"href":"https:\/\/hsdonato.com.br\/site\/wp-json\/wp\/v2\/users\/1"}],"replies":[{"embeddable":true,"href":"https:\/\/hsdonato.com.br\/site\/wp-json\/wp\/v2\/comments?post=940"}],"version-history":[{"count":1,"href":"https:\/\/hsdonato.com.br\/site\/wp-json\/wp\/v2\/posts\/940\/revisions"}],"predecessor-version":[{"id":942,"href":"https:\/\/hsdonato.com.br\/site\/wp-json\/wp\/v2\/posts\/940\/revisions\/942"}],"wp:featuredmedia":[{"embeddable":true,"href":"https:\/\/hsdonato.com.br\/site\/wp-json\/wp\/v2\/media\/941"}],"wp:attachment":[{"href":"https:\/\/hsdonato.com.br\/site\/wp-json\/wp\/v2\/media?parent=940"}],"wp:term":[{"taxonomy":"category","embeddable":true,"href":"https:\/\/hsdonato.com.br\/site\/wp-json\/wp\/v2\/categories?post=940"},{"taxonomy":"post_tag","embeddable":true,"href":"https:\/\/hsdonato.com.br\/site\/wp-json\/wp\/v2\/tags?post=940"}],"curies":[{"name":"wp","href":"https:\/\/api.w.org\/{rel}","templated":true}]}}